{"id":1142,"date":"2020-01-20T04:33:32","date_gmt":"2020-01-20T07:33:32","guid":{"rendered":"https:\/\/arquitectaalvareziturregui.com.ar\/?p=1142"},"modified":"2025-11-02T17:46:54","modified_gmt":"2025-11-02T20:46:54","slug":"sobre-el-teatro-de-la-torre","status":"publish","type":"post","link":"https:\/\/arquitectaalvareziturregui.com.ar\/en_gb\/sobre-el-teatro-de-la-torre\/","title":{"rendered":"About the Teatro de la Torre"},"content":{"rendered":"<p>Desde hace tiempo, mucha gente me ha estado pidiendo datos y me ha hecho comentarios sobre el ahora denominado<strong> Teatro Municipal de la Torre<\/strong>.<\/p>\r\n<p>Por eso, y porque hoy le pertenece a la comunidad pinamarense, es que<strong> comparto algunos pormenores, detalles y an\u00e9cdotas de su origen que muy pocos conocen.<\/strong><\/p>\r\n<div class=\"wp-block-group\">\r\n<div class=\"wp-block-group__inner-container\">\r\n\r\n\r\n<p>Fue en el a\u00f1o 1996, julio, que nos encargaron (<strong>Arq. Alicia Alvarez Iturregui, con la colaboraci\u00f3n de Lito Melfi<\/strong>, arquitecto y teatrista ) el proyecto y la direcci\u00f3n de esa obra que, dicho sea de paso, fue construida en solo 4 meses y medio&#8230; y por eso hay detalles que hacen que afirmemos que es una obra inconclusa.<\/p>\r\n\r\n\r\n\r\n<p>Sin embargo, mucho se plasm\u00f3 en ella. A tal punto que los <strong>artistas de renombre que han pasado por esa sala celebran su ac\u00fastica, las visuales que propone y la comunicaci\u00f3n<\/strong> que propicia con el p\u00fablico.<\/p>\r\n\r\n\r\n\r\n<figure class=\"wp-block-image\"><img fetchpriority=\"high\" decoding=\"async\" width=\"800\" height=\"500\" class=\"wp-image-1003\" src=\"https:\/\/arquitectaalvareziturregui.com.ar\/wp-content\/uploads\/2020\/02\/teatro_6-_web.jpg\" alt=\"\" srcset=\"https:\/\/arquitectaalvareziturregui.com.ar\/wp-content\/uploads\/2020\/02\/teatro_6-_web.jpg 800w, https:\/\/arquitectaalvareziturregui.com.ar\/wp-content\/uploads\/2020\/02\/teatro_6-_web-300x188.jpg 300w, https:\/\/arquitectaalvareziturregui.com.ar\/wp-content\/uploads\/2020\/02\/teatro_6-_web-768x480.jpg 768w\" sizes=\"(max-width: 800px) 100vw, 800px\" \/><\/figure>\r\n<\/div>\r\n<\/div>\r\n<!-- \/wp:post-content -->\r\n\r\n<!-- wp:paragraph \/-->\r\n\r\n<!-- wp:paragraph -->\r\n<p>Aquel a\u00f1o &#8217;96 tuvo un acontecimiento que capitalizamos: se puso en valor el famoso <strong>Teatro del Globo<\/strong>, en Stratford-upon-Avon, donde William Shakespeare estrenaba sus obras de teatro.<\/p>\r\n<!-- \/wp:paragraph -->\r\n\r\n<!-- wp:paragraph -->\r\n<p>Originariamente aquel era un espacio circunscripto por edificios de arquitectura dom\u00e9stica, donde un escenario presid\u00eda un espacio rescatado de la calle. <strong>El teatro estaba compuesto por la obra del autor genial, en comunicaci\u00f3n con el pueblo, en el marco de un contexto urbano que los albergaba .<\/strong><\/p>\r\n<!-- \/wp:paragraph -->\r\n\r\n<!-- wp:paragraph -->\r\n<p>Esa instancia fue la que nos inspir\u00f3 para el desarrollo del proyecto. <strong>De ah\u00ed la vereda, que se ensancha y serpenteando nos lleva a la entrada<\/strong> de la sala&#8230; O al centro cultural&#8230; O a las oficinas de la actual Direcci\u00f3n de Cultura de Pinamar. \u00a0<\/p>\r\n<!-- \/wp:paragraph -->\r\n\r\n<!-- wp:paragraph -->\r\n<p>La torre que le da nombre, y hoy alberga la boleter\u00eda, est\u00e1 sostenida por <strong>dos tallas de inspiraci\u00f3n medieval realizadas en una sola pieza de madera dura por el escultor madariaguense &#8220;Pitica&#8221; Urrutia.<\/strong><\/p>\r\n<p>Son dos personajes, un cancerbero y un actor con su libreto en la mano, a los que se les encomend\u00f3 &#8220;vigilar&#8221; el acceso al teatro y proteger desde lo alto l<strong>os secretos que todo teatro que se precie de serlo debe albergar.<\/strong><\/p>\r\n<!-- \/wp:paragraph -->\r\n\r\n<!-- wp:paragraph -->\r\n<p>There is much more to tell\u2026 I will do it in next installments.<\/p>\r\n<p><span style=\"color: #33cccc;\"><a style=\"color: #33cccc;\" href=\"https:\/\/arquitectaalvareziturregui.com.ar\/en_gb\/teatro-de-la-torre\/\" target=\"_blank\" rel=\"noopener noreferrer\">Here you can see more images of the Tower Theater<\/a><\/span><\/p>\r\n<!-- \/wp:paragraph -->","protected":false},"excerpt":{"rendered":"<p>Desde hace tiempo, mucha gente me ha estado pidiendo datos y me ha hecho comentarios sobre el ahora denominado Teatro Municipal de la Torre. Por eso, y porque hoy le pertenece a la comunidad pinamarense, es que comparto algunos pormenores, detalles y an\u00e9cdotas de su origen que muy pocos conocen. Fue en el a\u00f1o 1996, [&hellip;]<\/p>\n","protected":false},"author":3,"featured_media":972,"comment_status":"closed","ping_status":"closed","sticky":false,"template":"","format":"standard","meta":{"ocean_post_layout":"","ocean_both_sidebars_style":"","ocean_both_sidebars_content_width":0,"ocean_both_sidebars_sidebars_width":0,"ocean_sidebar":"0","ocean_second_sidebar":"0","ocean_disable_margins":"enable","ocean_add_body_class":"","ocean_shortcode_before_top_bar":"","ocean_shortcode_after_top_bar":"","ocean_shortcode_before_header":"","ocean_shortcode_after_header":"","ocean_has_shortcode":"","ocean_shortcode_after_title":"","ocean_shortcode_before_footer_widgets":"","ocean_shortcode_after_footer_widgets":"","ocean_shortcode_before_footer_bottom":"","ocean_shortcode_after_footer_bottom":"","ocean_display_top_bar":"default","ocean_display_header":"default","ocean_header_style":"","ocean_center_header_left_menu":"0","ocean_custom_header_template":"0","ocean_custom_logo":0,"ocean_custom_retina_logo":0,"ocean_custom_logo_max_width":0,"ocean_custom_logo_tablet_max_width":0,"ocean_custom_logo_mobile_max_width":0,"ocean_custom_logo_max_height":0,"ocean_custom_logo_tablet_max_height":0,"ocean_custom_logo_mobile_max_height":0,"ocean_header_custom_menu":"0","ocean_menu_typo_font_family":"0","ocean_menu_typo_font_subset":"","ocean_menu_typo_font_size":0,"ocean_menu_typo_font_size_tablet":0,"ocean_menu_typo_font_size_mobile":0,"ocean_menu_typo_font_size_unit":"px","ocean_menu_typo_font_weight":"","ocean_menu_typo_font_weight_tablet":"","ocean_menu_typo_font_weight_mobile":"","ocean_menu_typo_transform":"","ocean_menu_typo_transform_tablet":"","ocean_menu_typo_transform_mobile":"","ocean_menu_typo_line_height":0,"ocean_menu_typo_line_height_tablet":0,"ocean_menu_typo_line_height_mobile":0,"ocean_menu_typo_line_height_unit":"","ocean_menu_typo_spacing":0,"ocean_menu_typo_spacing_tablet":0,"ocean_menu_typo_spacing_mobile":0,"ocean_menu_typo_spacing_unit":"","ocean_menu_link_color":"","ocean_menu_link_color_hover":"","ocean_menu_link_color_active":"","ocean_menu_link_background":"","ocean_menu_link_hover_background":"","ocean_menu_link_active_background":"","ocean_menu_social_links_bg":"","ocean_menu_social_hover_links_bg":"","ocean_menu_social_links_color":"","ocean_menu_social_hover_links_color":"","ocean_disable_title":"default","ocean_disable_heading":"default","ocean_post_title":"","ocean_post_subheading":"","ocean_post_title_style":"","ocean_post_title_background_color":"","ocean_post_title_background":0,"ocean_post_title_bg_image_position":"","ocean_post_title_bg_image_attachment":"","ocean_post_title_bg_image_repeat":"","ocean_post_title_bg_image_size":"","ocean_post_title_height":0,"ocean_post_title_bg_overlay":0.5,"ocean_post_title_bg_overlay_color":"","ocean_disable_breadcrumbs":"default","ocean_breadcrumbs_color":"","ocean_breadcrumbs_separator_color":"","ocean_breadcrumbs_links_color":"","ocean_breadcrumbs_links_hover_color":"","ocean_display_footer_widgets":"default","ocean_display_footer_bottom":"default","ocean_custom_footer_template":"0","omw_enable_modal_window":"enable","ocean_post_oembed":"","ocean_post_self_hosted_media":"","ocean_post_video_embed":"","ocean_link_format":"","ocean_link_format_target":"self","ocean_quote_format":"","ocean_quote_format_link":"post","ocean_gallery_link_images":"off","ocean_gallery_id":[],"footnotes":""},"categories":[9],"tags":[12,11],"class_list":["post-1142","post","type-post","status-publish","format-standard","has-post-thumbnail","hentry","category-obras","tag-detalles","tag-teatro","entry","has-media"],"_links":{"self":[{"href":"https:\/\/arquitectaalvareziturregui.com.ar\/en_gb\/wp-json\/wp\/v2\/posts\/1142","targetHints":{"allow":["GET"]}}],"collection":[{"href":"https:\/\/arquitectaalvareziturregui.com.ar\/en_gb\/wp-json\/wp\/v2\/posts"}],"about":[{"href":"https:\/\/arquitectaalvareziturregui.com.ar\/en_gb\/wp-json\/wp\/v2\/types\/post"}],"author":[{"embeddable":true,"href":"https:\/\/arquitectaalvareziturregui.com.ar\/en_gb\/wp-json\/wp\/v2\/users\/3"}],"replies":[{"embeddable":true,"href":"https:\/\/arquitectaalvareziturregui.com.ar\/en_gb\/wp-json\/wp\/v2\/comments?post=1142"}],"version-history":[{"count":5,"href":"https:\/\/arquitectaalvareziturregui.com.ar\/en_gb\/wp-json\/wp\/v2\/posts\/1142\/revisions"}],"predecessor-version":[{"id":1768,"href":"https:\/\/arquitectaalvareziturregui.com.ar\/en_gb\/wp-json\/wp\/v2\/posts\/1142\/revisions\/1768"}],"wp:featuredmedia":[{"embeddable":true,"href":"https:\/\/arquitectaalvareziturregui.com.ar\/en_gb\/wp-json\/wp\/v2\/media\/972"}],"wp:attachment":[{"href":"https:\/\/arquitectaalvareziturregui.com.ar\/en_gb\/wp-json\/wp\/v2\/media?parent=1142"}],"wp:term":[{"taxonomy":"category","embeddable":true,"href":"https:\/\/arquitectaalvareziturregui.com.ar\/en_gb\/wp-json\/wp\/v2\/categories?post=1142"},{"taxonomy":"post_tag","embeddable":true,"href":"https:\/\/arquitectaalvareziturregui.com.ar\/en_gb\/wp-json\/wp\/v2\/tags?post=1142"}],"curies":[{"name":"wp","href":"https:\/\/api.w.org\/{rel}","templated":true}]}}