{"id":1158,"date":"2020-02-24T01:30:54","date_gmt":"2020-02-24T04:30:54","guid":{"rendered":"https:\/\/arquitectaalvareziturregui.com.ar\/?p=1158"},"modified":"2025-11-02T17:24:11","modified_gmt":"2025-11-02T20:24:11","slug":"el-paseo-de-las-victorias","status":"publish","type":"post","link":"https:\/\/arquitectaalvareziturregui.com.ar\/en_gb\/el-paseo-de-las-victorias\/","title":{"rendered":"The secret of Paseo de las Victorias"},"content":{"rendered":"<p><strong>Sobre el Paseo de las Victorias mucho se ha dicho y escrito.<\/strong> Ya son casi 23 a\u00f1os que es parte indivisible de la identidad de Caril\u00f3. No es poco. Y eso se debe, creo yo, a que es irrepetible.<\/p>\n<p><strong>Decenas de artesanos lograron este trabajo<\/strong> en el que, adem\u00e1s de compromiso y entusiasmo, todos pusieron mucho m\u00e1s de lo esperable.<\/p>\n<p>Estuvo<strong> totalmente realizado en madera, algo muy novedoso y audaz para la \u00e9poca.<\/strong><\/p>\n<p>Se dise\u00f1aron y modelaron distintos tipos de columnas, barandas; m\u00e1s de 40 modelos de m\u00e9nsulas y detalles de soportes, decenas de molduras, tramas de colocaci\u00f3n de tejuelas diversas, a raz\u00f3n de 145 por metro cuadrado.<\/p>\n<p><strong>Se rescataron puertas, ventanas y vitrauxs antiguos que fueron restaurados con delicadeza y maestr\u00eda.<\/strong><\/p>\n<p>El sistema tintom\u00e9trico que reci\u00e9n hab\u00eda aparecido en el mercado de las pinturas, aport\u00f3 m\u00e1s de 80 colores que seleccionamos y aplicamos.<\/p>\n<p><strong>And all this in less than 270 days.<\/strong><\/p>\n<p><img fetchpriority=\"high\" decoding=\"async\" class=\"aligncenter wp-image-1165 size-full\" src=\"https:\/\/arquitectaalvareziturregui.com.ar\/wp-content\/uploads\/2020\/02\/paseo-de-las-victorias-2020-b-_web.jpg\" alt=\"Paseo de las Victorias\" width=\"1000\" height=\"964\" srcset=\"https:\/\/arquitectaalvareziturregui.com.ar\/wp-content\/uploads\/2020\/02\/paseo-de-las-victorias-2020-b-_web.jpg 1000w, https:\/\/arquitectaalvareziturregui.com.ar\/wp-content\/uploads\/2020\/02\/paseo-de-las-victorias-2020-b-_web-300x289.jpg 300w, https:\/\/arquitectaalvareziturregui.com.ar\/wp-content\/uploads\/2020\/02\/paseo-de-las-victorias-2020-b-_web-768x740.jpg 768w\" sizes=\"(max-width: 1000px) 100vw, 1000px\" \/><\/p>\n<p>Un trabajo de equipo que reuni\u00f3 al propietario, profesionales, artesanos y obreros. Sin fisuras. Daba gusto ver a estos talentosos artesanos recorriendo y re visitando, una y otra vez, la obra terminada.<strong> En sus caras luc\u00edan el orgullo por este logro.<\/strong><\/p>\n<p>A combination of financial resources, work, talent, enthusiasm and pride in the trade. <br>\nThinking about it ... a formula that is no secret.<\/p>\n<p>Una conjunci\u00f3n de recursos econ\u00f3micos, trabajo, talento, entusiasmo y orgullo por el oficio.<\/p>\n<p><strong>Pens\u00e1ndolo bien\u2026 una f\u00f3rmula que no es ning\u00fan secreto.<\/strong><\/p>\n<p><span style=\"color: #33cccc;\"><a style=\"color: #33cccc;\" href=\"https:\/\/arquitectaalvareziturregui.com.ar\/en_gb\/paseo-de-las-victorias\/\" target=\"_blank\" rel=\"noopener\">En este link pod\u00e9s ver m\u00e1s fotos del Paseo de las Victorias<\/a><\/span><\/p>\n<p>&#8212;<\/p>\n<p><em>Revista Expressa Tu | 2015 | Arq. Alicia \u00c1lvarez Iturregui<\/em><\/p>","protected":false},"excerpt":{"rendered":"<p>Sobre el Paseo de las Victorias mucho se ha dicho y escrito. Ya son casi 23 a\u00f1os que es parte indivisible de la identidad de Caril\u00f3. No es poco. Y eso se debe, creo yo, a que es irrepetible. Decenas de artesanos lograron este trabajo en el que, adem\u00e1s de compromiso y entusiasmo, todos pusieron [&hellip;]<\/p>\n","protected":false},"author":3,"featured_media":1166,"comment_status":"closed","ping_status":"open","sticky":false,"template":"","format":"standard","meta":{"ocean_post_layout":"","ocean_both_sidebars_style":"","ocean_both_sidebars_content_width":0,"ocean_both_sidebars_sidebars_width":0,"ocean_sidebar":"0","ocean_second_sidebar":"0","ocean_disable_margins":"enable","ocean_add_body_class":"","ocean_shortcode_before_top_bar":"","ocean_shortcode_after_top_bar":"","ocean_shortcode_before_header":"","ocean_shortcode_after_header":"","ocean_has_shortcode":"","ocean_shortcode_after_title":"","ocean_shortcode_before_footer_widgets":"","ocean_shortcode_after_footer_widgets":"","ocean_shortcode_before_footer_bottom":"","ocean_shortcode_after_footer_bottom":"","ocean_display_top_bar":"default","ocean_display_header":"default","ocean_header_style":"","ocean_center_header_left_menu":"0","ocean_custom_header_template":"0","ocean_custom_logo":0,"ocean_custom_retina_logo":0,"ocean_custom_logo_max_width":0,"ocean_custom_logo_tablet_max_width":0,"ocean_custom_logo_mobile_max_width":0,"ocean_custom_logo_max_height":0,"ocean_custom_logo_tablet_max_height":0,"ocean_custom_logo_mobile_max_height":0,"ocean_header_custom_menu":"0","ocean_menu_typo_font_family":"0","ocean_menu_typo_font_subset":"","ocean_menu_typo_font_size":0,"ocean_menu_typo_font_size_tablet":0,"ocean_menu_typo_font_size_mobile":0,"ocean_menu_typo_font_size_unit":"px","ocean_menu_typo_font_weight":"","ocean_menu_typo_font_weight_tablet":"","ocean_menu_typo_font_weight_mobile":"","ocean_menu_typo_transform":"","ocean_menu_typo_transform_tablet":"","ocean_menu_typo_transform_mobile":"","ocean_menu_typo_line_height":0,"ocean_menu_typo_line_height_tablet":0,"ocean_menu_typo_line_height_mobile":0,"ocean_menu_typo_line_height_unit":"","ocean_menu_typo_spacing":0,"ocean_menu_typo_spacing_tablet":0,"ocean_menu_typo_spacing_mobile":0,"ocean_menu_typo_spacing_unit":"","ocean_menu_link_color":"","ocean_menu_link_color_hover":"","ocean_menu_link_color_active":"","ocean_menu_link_background":"","ocean_menu_link_hover_background":"","ocean_menu_link_active_background":"","ocean_menu_social_links_bg":"","ocean_menu_social_hover_links_bg":"","ocean_menu_social_links_color":"","ocean_menu_social_hover_links_color":"","ocean_disable_title":"default","ocean_disable_heading":"default","ocean_post_title":"","ocean_post_subheading":"","ocean_post_title_style":"","ocean_post_title_background_color":"","ocean_post_title_background":0,"ocean_post_title_bg_image_position":"","ocean_post_title_bg_image_attachment":"","ocean_post_title_bg_image_repeat":"","ocean_post_title_bg_image_size":"","ocean_post_title_height":0,"ocean_post_title_bg_overlay":0.5,"ocean_post_title_bg_overlay_color":"","ocean_disable_breadcrumbs":"default","ocean_breadcrumbs_color":"","ocean_breadcrumbs_separator_color":"","ocean_breadcrumbs_links_color":"","ocean_breadcrumbs_links_hover_color":"","ocean_display_footer_widgets":"default","ocean_display_footer_bottom":"default","ocean_custom_footer_template":"0","omw_enable_modal_window":"enable","ocean_post_oembed":"","ocean_post_self_hosted_media":"","ocean_post_video_embed":"","ocean_link_format":"","ocean_link_format_target":"self","ocean_quote_format":"","ocean_quote_format_link":"post","ocean_gallery_link_images":"off","ocean_gallery_id":[],"footnotes":""},"categories":[14,9],"tags":[19,18],"class_list":["post-1158","post","type-post","status-publish","format-standard","has-post-thumbnail","hentry","category-prensa","category-obras","tag-carilo","tag-paseo-de-las-victorias","entry","has-media"],"_links":{"self":[{"href":"https:\/\/arquitectaalvareziturregui.com.ar\/en_gb\/wp-json\/wp\/v2\/posts\/1158","targetHints":{"allow":["GET"]}}],"collection":[{"href":"https:\/\/arquitectaalvareziturregui.com.ar\/en_gb\/wp-json\/wp\/v2\/posts"}],"about":[{"href":"https:\/\/arquitectaalvareziturregui.com.ar\/en_gb\/wp-json\/wp\/v2\/types\/post"}],"author":[{"embeddable":true,"href":"https:\/\/arquitectaalvareziturregui.com.ar\/en_gb\/wp-json\/wp\/v2\/users\/3"}],"replies":[{"embeddable":true,"href":"https:\/\/arquitectaalvareziturregui.com.ar\/en_gb\/wp-json\/wp\/v2\/comments?post=1158"}],"version-history":[{"count":5,"href":"https:\/\/arquitectaalvareziturregui.com.ar\/en_gb\/wp-json\/wp\/v2\/posts\/1158\/revisions"}],"predecessor-version":[{"id":1761,"href":"https:\/\/arquitectaalvareziturregui.com.ar\/en_gb\/wp-json\/wp\/v2\/posts\/1158\/revisions\/1761"}],"wp:featuredmedia":[{"embeddable":true,"href":"https:\/\/arquitectaalvareziturregui.com.ar\/en_gb\/wp-json\/wp\/v2\/media\/1166"}],"wp:attachment":[{"href":"https:\/\/arquitectaalvareziturregui.com.ar\/en_gb\/wp-json\/wp\/v2\/media?parent=1158"}],"wp:term":[{"taxonomy":"category","embeddable":true,"href":"https:\/\/arquitectaalvareziturregui.com.ar\/en_gb\/wp-json\/wp\/v2\/categories?post=1158"},{"taxonomy":"post_tag","embeddable":true,"href":"https:\/\/arquitectaalvareziturregui.com.ar\/en_gb\/wp-json\/wp\/v2\/tags?post=1158"}],"curies":[{"name":"wp","href":"https:\/\/api.w.org\/{rel}","templated":true}]}}