{"id":1153,"date":"2020-01-21T05:30:45","date_gmt":"2020-01-21T08:30:45","guid":{"rendered":"https:\/\/arquitectaalvareziturregui.com.ar\/?p=1153"},"modified":"2025-11-02T17:39:28","modified_gmt":"2025-11-02T20:39:28","slug":"proyecto-paseo-de-las-artes","status":"publish","type":"post","link":"https:\/\/arquitectaalvareziturregui.com.ar\/es_ar\/proyecto-paseo-de-las-artes\/","title":{"rendered":"Proyecto Paseo de las Artes"},"content":{"rendered":"<p>El proyecto consiste en la<strong> transformaci\u00f3n de una calle en un espacio urbano<\/strong>, en donde la calle propiamente dicha y la vereda se unifican a trav\u00e9s de su dise\u00f1o integral. Tiene como autor a la Arq. Alicia Alvarez Iturregui y fue declarado de inter\u00e9s\u00a0 municipal seg\u00fan ordenanza del HCD N\u00ba 2204\/98.<\/p>\n<p>En el caso de la calle De Las Artes, se desarrolla un recorrido que<strong> parte del Centro Comercial y culmina en un espacio verde,<\/strong> en el que se encuentran elementos significativos para la comunidad de Pinamar, como la plaza Homenaje al arq. Bunge, el Homenaje a los Pioneros, una de las primeras casas, el Playas Hotel, etc.<\/p>\n<p>Este espacio ser\u00e1 revalorizado como Centro Hist\u00f3rico.<\/p>\n<p><strong>1) AREA DE INTERVENCION<\/strong><\/p>\n<p>Se realizar\u00e1 en:<br \/>\nOpci\u00f3n a) Espacio comprendido entre l\u00edneas municipales<br \/>\nOpci\u00f3n b) Incluyendo parte de los lotes frentistas, incorpor\u00e1ndolos al espacio p\u00fablico calle.<\/p>\n<p><strong>2) CAR\u00c1CTER DE LA CALLE<\/strong><\/p>\n<p>&#8211; Tipolog\u00eda de calle peatonal, con un sector diferenciado por el que podr\u00e1n circular autos a baja velocidad, \u00fanicamente con car\u00e1cter de paseo o acceso de habitantes a lotes frentistas.<\/p>\n<p>&#8211; El espacio calle formar\u00e1 un recorrido que va encontrando puntos de inter\u00e9s, espacios jerarquizados, como expansiones de bares, &#8220;espacios de estar urbanos&#8221;, exhibici\u00f3n de esculturas, etc., hasta culminar en el Centro Hist\u00f3rico.<\/p>\n<p>&#8211; Unificaci\u00f3n de vereda y calle en un mismo plano, sin desnivel, mediante un tratamiento continuo del solado, separados por medio de hitos.<\/p>\n<p>&#8211; Dise\u00f1o integral del equipamiento urbano.<\/p>\n<p>Opciones: Unificar dise\u00f1os.<\/p>\n<p>Diversidad de dise\u00f1os, manteniendo la unidad y armon\u00eda del conjunto.<\/p>\n<p><strong>3) TRAZADO DE LA CALLE<\/strong><\/p>\n<p>&#8211; Su trazado ser\u00e1 irregular, alternando curvas y rectas dentro de una trama base, con la intenci\u00f3n de realzar su car\u00e1cter de paseo, induciendo a conducir a baja velocidad, (20 Km\/h.)<\/p>\n<p>&#8211; Variedad de texturas.<\/p>\n<p>&#8211; Ancho variable, dando lugar a estacionamientos sobre l\u00ednea municipal, accesos a garaje, etc.<\/p>\n<p>&#8211; Se eliminar\u00e1 el \u00faltimo tramo de la calle, parquiz\u00e1ndolo, para conformar el espacio de remate y recuperar el centro y origen de la trama urbana como elemento simb\u00f3lico, (en el caso de calle de las Artes)<\/p>\n<p>&#8211; Su dise\u00f1o flexible contemplar\u00e1 inclusive la posibilidad de modificar su trazado, reubicando los hitos. (En caso que se trasladen los estacionamientos sobre l\u00ednea municipal, por ej.)<\/p>\n<p><strong>4) ESTACIONAMIENTO SOBRE LINEA MUNICIPAL<\/strong><\/p>\n<p>Constituyen barreras arquitect\u00f3nicas importantes, a las cuales se tratar\u00e1 de neutralizar de las siguientes formas:<\/p>\n<ul>\n<li>&#8211; A trav\u00e9s del dise\u00f1o del solado, d\u00e1ndole continuidad con el espacio urbano.<\/li>\n<li>&#8211; Podr\u00e1n trasladarse los estacionamientos a lotes cercanos (adyacentes), dejando ese espacio para ser utilizado como &#8220;lugares de estar urbanos&#8221;, ubicaci\u00f3n de kioscos, \u00e1reas verdes, exhibici\u00f3n de esculturas, etc.<\/li>\n<\/ul>\n<p><strong>5) AREAS VERDES<\/strong><\/p>\n<p>Recuperaci\u00f3n de \u00e1reas verdes a trav\u00e9s de:<\/p>\n<ul>\n<li>&#8211; Reforestaci\u00f3n de la calle.<\/li>\n<li>&#8211; Grandes pa\u00f1os de c\u00e9sped, invadiendo el espacio vereda, donde se podr\u00e1n exhibir esculturas. De esta forma se incorporan visualmente las \u00e1reas verdes de los edificios, y se elimina el corte abrupto que marca la l\u00ednea municipal, logrando una mayor integraci\u00f3n.<\/li>\n<li>&#8211; Incorporaci\u00f3n del verde en los distintos elementos del equipamiento: bancos, columnas de iluminaci\u00f3n, etc.<\/li>\n<li>&#8211; Incorporaci\u00f3n de &#8220;planos verdes&#8221;, planos de enrejados cubiertos por enredaderas, que ayuden a delimitar espacios.<\/li>\n<\/ul>\n<p><strong>6) ILUMINACION<\/strong><\/p>\n<p>Se trabajar\u00e1 con dos escalas:<br \/>\na) peatonal, acompa\u00f1ando espacios a escala del hombre.<br \/>\nb) urbana, iluminando los edificios, resalt\u00e1ndolos como un fondo.<\/p>\n<p>Se seguir\u00e1 un criterio que responda al dise\u00f1o total de la calle. Disposici\u00f3n no convencional de los elementos de iluminaci\u00f3n, se distribuir\u00e1 de acuerdo a lo que se desee destacar en cada espacio, distintos colores, agrupaciones, variedad de dise\u00f1os.<\/p>\n<p><strong>7) CENTRO HISTORICO:<\/strong><\/p>\n<p>Adem\u00e1s de los elementos que le dan su condici\u00f3n de Centro Hist\u00f3rico enumeradas anteriormente, ser\u00e1 concebido como un espacio flexible que se adaptara a distinto tipo de usos que constituir\u00e1n su principal atractivo:<\/p>\n<ul>\n<li>&#8211; Anfiteatro, donde se realizaran eventos y actividades culturales, conciertos al aire libre, teatro, espect\u00e1culos, etc.<\/li>\n<li>&#8211; Mirador, vista del paisaje, ciudad, mar.<\/li>\n<li>&#8211; Museo, museo al aire libre, Centro Cultural, Escuela de Artes, etc.<\/li>\n<li>&#8211; Feria de Artesanos.<\/li>\n<li>&#8211; Zona de juegos de ni\u00f1os, con formas escult\u00f3ricas, formando parte del dise\u00f1o integral de la calle.<\/li>\n<li>&#8211; Exposiciones itinerantes que constituyan un atractivo especial: acuario, mariposario, plantas, etc.<\/li>\n<li>&#8211; Lugar de encuentro, explanada para ver el mar (escenario).<\/li>\n<li>&#8211; Reforestaci\u00f3n para neutralizar la acci\u00f3n de los vientos y enmarcar las visuales al mar.<\/li>\n<li>&#8211; Incorporaci\u00f3n como elemento simb\u00f3lico agua mediante una fuente de forma irregular. Que viniendo de la calle, rodea el escenario, con luces y sonido.<\/li>\n<li>&#8211; Recuperacion del centro geometrico que origina la trama como elemento simbolico. Antiguamente, al fundar las ciudades, se describia un &#8220;circulo magico&#8221;, dentro del cual se definia una parcela de terreno que debia ser sagrada e inviolable. Esta parcela de tierra separada y consagrada a la divinidad a menudo se cubria con un bosquecillo.<\/li>\n<\/ul>\n<p><strong>8) CAR\u00c1CTER CALLE-EXPOSICION<\/strong><\/p>\n<p>Este paseo ser\u00e1 como su nombre lo indica un &#8220;Paseo de Las Artes&#8221;, donde se producir\u00e1n todo tipo de eventos culturales relacionados con el arte.<\/p>\n<p>El dise\u00f1o del solado ser\u00e1 concebido como una pintura, que ser\u00e1 apreciada de distintas formas de acuerdo a la ubicaci\u00f3n del espectador (desde los distintos pisos de los edificios, desde la calle, etc.), y cuyo tema central ser\u00e1 la reformulacion de elementos simb\u00f3licos del lugar: el mar, las olas, los habitantes del mar: peces y caracoles, pinos, los nombres de las calles podr\u00e1n estar representados en el piso por medio de dibujos, etc.<\/p>\n<p>El equipamiento urbano: iluminaci\u00f3n, bancos, cestos, maceteros, fuentes, se\u00f1alizaci\u00f3n ser\u00e1n como verdaderas obras de arte formando parte del dise\u00f1o integral de la calle, como si el solado se extendiera formando vol\u00famenes de distintas formas y colores.<\/p>\n<p>Los negocios estar\u00e1n relacionados preferentemente con el arte y la cultura: pintura, literatura, m\u00fasica, galer\u00edas de arte, centros de exposici\u00f3n etc.<\/p>\n<p>En la calle se exhibir\u00e1n objetos de dise\u00f1o, esculturas, murales, proyecciones, exposiciones permanentes e itinerantes.<\/p>\n<p>Se invitar\u00e1n dise\u00f1adores y artistas a participar tanto en el dise\u00f1o de equipamiento como a exponer sus obras.<\/p>\n<p><strong>La calle ser\u00e1 concebida como una obra de arte viviente, que terminara de completarse con la participaci\u00f3n del hombre como parte de esta especie de gran escultura urbana.<\/strong><\/p>\n<p><strong>Desde el punto de vista comercial ser\u00e1 como un gran shopping al aire libre.<\/strong><\/p>\n<p><span style=\"color: #33cccc;\"><a style=\"color: #33cccc;\" href=\"https:\/\/arquitectaalvareziturregui.com.ar\/paseo-de-las-artes\/\" target=\"_blank\" rel=\"noopener noreferrer\">Mir\u00e1 aqu\u00ed m\u00e1s im\u00e1genes sobre el proyecto del Paseo de las Artes en Pinamar<\/a><\/span><\/p>\n","protected":false},"excerpt":{"rendered":"<p>El proyecto consiste en la transformaci\u00f3n de una calle en un espacio urbano, en donde la calle propiamente dicha y la vereda se unifican a trav\u00e9s de su dise\u00f1o integral. Tiene como autor a la Arq. Alicia Alvarez Iturregui y fue declarado de inter\u00e9s\u00a0 municipal seg\u00fan ordenanza del HCD N\u00ba 2204\/98. En el caso de [&hellip;]<\/p>\n","protected":false},"author":3,"featured_media":1043,"comment_status":"closed","ping_status":"open","sticky":false,"template":"","format":"standard","meta":{"ocean_post_layout":"","ocean_both_sidebars_style":"","ocean_both_sidebars_content_width":0,"ocean_both_sidebars_sidebars_width":0,"ocean_sidebar":"0","ocean_second_sidebar":"0","ocean_disable_margins":"enable","ocean_add_body_class":"","ocean_shortcode_before_top_bar":"","ocean_shortcode_after_top_bar":"","ocean_shortcode_before_header":"","ocean_shortcode_after_header":"","ocean_has_shortcode":"","ocean_shortcode_after_title":"","ocean_shortcode_before_footer_widgets":"","ocean_shortcode_after_footer_widgets":"","ocean_shortcode_before_footer_bottom":"","ocean_shortcode_after_footer_bottom":"","ocean_display_top_bar":"default","ocean_display_header":"default","ocean_header_style":"","ocean_center_header_left_menu":"0","ocean_custom_header_template":"0","ocean_custom_logo":0,"ocean_custom_retina_logo":0,"ocean_custom_logo_max_width":0,"ocean_custom_logo_tablet_max_width":0,"ocean_custom_logo_mobile_max_width":0,"ocean_custom_logo_max_height":0,"ocean_custom_logo_tablet_max_height":0,"ocean_custom_logo_mobile_max_height":0,"ocean_header_custom_menu":"0","ocean_menu_typo_font_family":"0","ocean_menu_typo_font_subset":"","ocean_menu_typo_font_size":0,"ocean_menu_typo_font_size_tablet":0,"ocean_menu_typo_font_size_mobile":0,"ocean_menu_typo_font_size_unit":"px","ocean_menu_typo_font_weight":"","ocean_menu_typo_font_weight_tablet":"","ocean_menu_typo_font_weight_mobile":"","ocean_menu_typo_transform":"","ocean_menu_typo_transform_tablet":"","ocean_menu_typo_transform_mobile":"","ocean_menu_typo_line_height":0,"ocean_menu_typo_line_height_tablet":0,"ocean_menu_typo_line_height_mobile":0,"ocean_menu_typo_line_height_unit":"","ocean_menu_typo_spacing":0,"ocean_menu_typo_spacing_tablet":0,"ocean_menu_typo_spacing_mobile":0,"ocean_menu_typo_spacing_unit":"","ocean_menu_link_color":"","ocean_menu_link_color_hover":"","ocean_menu_link_color_active":"","ocean_menu_link_background":"","ocean_menu_link_hover_background":"","ocean_menu_link_active_background":"","ocean_menu_social_links_bg":"","ocean_menu_social_hover_links_bg":"","ocean_menu_social_links_color":"","ocean_menu_social_hover_links_color":"","ocean_disable_title":"default","ocean_disable_heading":"default","ocean_post_title":"","ocean_post_subheading":"","ocean_post_title_style":"","ocean_post_title_background_color":"","ocean_post_title_background":0,"ocean_post_title_bg_image_position":"","ocean_post_title_bg_image_attachment":"","ocean_post_title_bg_image_repeat":"","ocean_post_title_bg_image_size":"","ocean_post_title_height":0,"ocean_post_title_bg_overlay":0.5,"ocean_post_title_bg_overlay_color":"","ocean_disable_breadcrumbs":"default","ocean_breadcrumbs_color":"","ocean_breadcrumbs_separator_color":"","ocean_breadcrumbs_links_color":"","ocean_breadcrumbs_links_hover_color":"","ocean_display_footer_widgets":"default","ocean_display_footer_bottom":"default","ocean_custom_footer_template":"0","omw_enable_modal_window":"enable","ocean_post_oembed":"","ocean_post_self_hosted_media":"","ocean_post_video_embed":"","ocean_link_format":"","ocean_link_format_target":"self","ocean_quote_format":"","ocean_quote_format_link":"post","ocean_gallery_link_images":"off","ocean_gallery_id":[],"footnotes":""},"categories":[10],"tags":[15,16],"class_list":["post-1153","post","type-post","status-publish","format-standard","has-post-thumbnail","hentry","category-proyectos","tag-paseo-de-las-artes","tag-pinamar","entry","has-media"],"_links":{"self":[{"href":"https:\/\/arquitectaalvareziturregui.com.ar\/es_ar\/wp-json\/wp\/v2\/posts\/1153","targetHints":{"allow":["GET"]}}],"collection":[{"href":"https:\/\/arquitectaalvareziturregui.com.ar\/es_ar\/wp-json\/wp\/v2\/posts"}],"about":[{"href":"https:\/\/arquitectaalvareziturregui.com.ar\/es_ar\/wp-json\/wp\/v2\/types\/post"}],"author":[{"embeddable":true,"href":"https:\/\/arquitectaalvareziturregui.com.ar\/es_ar\/wp-json\/wp\/v2\/users\/3"}],"replies":[{"embeddable":true,"href":"https:\/\/arquitectaalvareziturregui.com.ar\/es_ar\/wp-json\/wp\/v2\/comments?post=1153"}],"version-history":[{"count":4,"href":"https:\/\/arquitectaalvareziturregui.com.ar\/es_ar\/wp-json\/wp\/v2\/posts\/1153\/revisions"}],"predecessor-version":[{"id":1766,"href":"https:\/\/arquitectaalvareziturregui.com.ar\/es_ar\/wp-json\/wp\/v2\/posts\/1153\/revisions\/1766"}],"wp:featuredmedia":[{"embeddable":true,"href":"https:\/\/arquitectaalvareziturregui.com.ar\/es_ar\/wp-json\/wp\/v2\/media\/1043"}],"wp:attachment":[{"href":"https:\/\/arquitectaalvareziturregui.com.ar\/es_ar\/wp-json\/wp\/v2\/media?parent=1153"}],"wp:term":[{"taxonomy":"category","embeddable":true,"href":"https:\/\/arquitectaalvareziturregui.com.ar\/es_ar\/wp-json\/wp\/v2\/categories?post=1153"},{"taxonomy":"post_tag","embeddable":true,"href":"https:\/\/arquitectaalvareziturregui.com.ar\/es_ar\/wp-json\/wp\/v2\/tags?post=1153"}],"curies":[{"name":"wp","href":"https:\/\/api.w.org\/{rel}","templated":true}]}}